{"id":5583,"date":"2024-02-29T21:05:03","date_gmt":"2024-02-29T19:05:03","guid":{"rendered":"https:\/\/craftandconcept.ch\/?p=5583"},"modified":"2026-03-02T18:41:31","modified_gmt":"2026-03-02T16:41:31","slug":"saint-prex-villa","status":"publish","type":"post","link":"https:\/\/craftandconcept.ch\/fr\/residentiel\/saint-prex-villa\/","title":{"rendered":"SAINT-PREX VILLA"},"content":{"rendered":"<p>Un projet extraordinaire avec des caract\u00e9ristiques suisses. L&rsquo;agencement de cette maison est assez int\u00e9ressant et inhabituel, car l&rsquo;espace ouvert est situ\u00e9 au dernier \u00e9tage. Le souhait du client \u00e9tait de cr\u00e9er un projet plus brutal en utilisant des \u00e9l\u00e9ments d&rsquo;accentuation tels que la pierre naturelle, le m\u00e9tal et le bois fonc\u00e9. L&rsquo;\u00e9l\u00e9ment central est la chemin\u00e9e, o\u00f9 toute la famille se r\u00e9unira. Nous avons \u00e9galement plac\u00e9 un bureau confortable dans l&rsquo;espace commun.<\/p>\n","protected":false},"excerpt":{"rendered":"<p>Un projet extraordinaire avec des caract\u00e9ristiques suisses. L&rsquo;agencement de cette maison est assez int\u00e9ressant et inhabituel, car l&rsquo;espace ouvert est situ\u00e9 au dernier \u00e9tage. Le souhait du client \u00e9tait de cr\u00e9er un projet plus brutal en utilisant des \u00e9l\u00e9ments d&rsquo;accentuation tels que la pierre naturelle, le m\u00e9tal et le bois fonc\u00e9. L&rsquo;\u00e9l\u00e9ment central est la [&hellip;]<\/p>\n","protected":false},"author":1,"featured_media":5549,"comment_status":"closed","ping_status":"closed","sticky":false,"template":"","format":"standard","meta":{"footnotes":""},"categories":[54],"tags":[],"class_list":["post-5583","post","type-post","status-publish","format-standard","has-post-thumbnail","hentry","category-residentiel","style-contemporain"],"_links":{"self":[{"href":"https:\/\/craftandconcept.ch\/fr\/wp-json\/wp\/v2\/posts\/5583","targetHints":{"allow":["GET"]}}],"collection":[{"href":"https:\/\/craftandconcept.ch\/fr\/wp-json\/wp\/v2\/posts"}],"about":[{"href":"https:\/\/craftandconcept.ch\/fr\/wp-json\/wp\/v2\/types\/post"}],"author":[{"embeddable":true,"href":"https:\/\/craftandconcept.ch\/fr\/wp-json\/wp\/v2\/users\/1"}],"replies":[{"embeddable":true,"href":"https:\/\/craftandconcept.ch\/fr\/wp-json\/wp\/v2\/comments?post=5583"}],"version-history":[{"count":10,"href":"https:\/\/craftandconcept.ch\/fr\/wp-json\/wp\/v2\/posts\/5583\/revisions"}],"predecessor-version":[{"id":9757,"href":"https:\/\/craftandconcept.ch\/fr\/wp-json\/wp\/v2\/posts\/5583\/revisions\/9757"}],"wp:featuredmedia":[{"embeddable":true,"href":"https:\/\/craftandconcept.ch\/fr\/wp-json\/wp\/v2\/media\/5549"}],"wp:attachment":[{"href":"https:\/\/craftandconcept.ch\/fr\/wp-json\/wp\/v2\/media?parent=5583"}],"wp:term":[{"taxonomy":"category","embeddable":true,"href":"https:\/\/craftandconcept.ch\/fr\/wp-json\/wp\/v2\/categories?post=5583"},{"taxonomy":"post_tag","embeddable":true,"href":"https:\/\/craftandconcept.ch\/fr\/wp-json\/wp\/v2\/tags?post=5583"}],"curies":[{"name":"wp","href":"https:\/\/api.w.org\/{rel}","templated":true}]}}