{"id":2878,"date":"2022-12-10T22:01:01","date_gmt":"2022-12-10T20:01:01","guid":{"rendered":"http:\/\/104.248.46.37\/non-classifiee\/ch-teau-de-voiture-a-zurich\/"},"modified":"2026-03-02T18:47:02","modified_gmt":"2026-03-02T16:47:02","slug":"ch-teau-de-voiture-a-zurich","status":"publish","type":"post","link":"https:\/\/craftandconcept.ch\/fr\/architecture-fr\/ch-teau-de-voiture-a-zurich\/","title":{"rendered":"CAR CASTLE ZURICH"},"content":{"rendered":"<p>Le garage pour les voitures de collection Ch\u00e2teau de voiture est situ\u00e9 dans la banlieue \u00ab\u00a0Automobile\u00a0\u00bb de Zurich. La recherche de l&rsquo;identit\u00e9 du b\u00e2timent est li\u00e9e \u00e0 deux genres : d&rsquo;une part l&rsquo;architecture industrielle et logistique, d&rsquo;autre part l&rsquo;esth\u00e9tique d&rsquo;un mus\u00e9e, m\u00eame dans cette version de garage typique. En plus des espaces priv\u00e9s pour les expositions de valeur, il y a un espace pour les \u00e9v\u00e9nements publics tels que les ventes aux ench\u00e8res et les pr\u00e9sentations de nouvelles voitures sur le toit. Il y a aussi un atelier de restauration et de r\u00e9paration. Il s&rsquo;agit en quelque sorte d&rsquo;un projet d&rsquo;avenir pour la communaut\u00e9 avec des espaces de club con\u00e7us pour r\u00e9unir les gens autour d&rsquo;un enthousiasme commun.<\/p>\n","protected":false},"excerpt":{"rendered":"<p>Le garage pour les voitures de collection Ch\u00e2teau de voiture est situ\u00e9 dans la banlieue \u00ab\u00a0Automobile\u00a0\u00bb de Zurich. La recherche de l&rsquo;identit\u00e9 du b\u00e2timent est li\u00e9e \u00e0 deux genres : d&rsquo;une part l&rsquo;architecture industrielle et logistique, d&rsquo;autre part l&rsquo;esth\u00e9tique d&rsquo;un mus\u00e9e, m\u00eame dans cette version de garage typique. En plus des espaces priv\u00e9s pour les [&hellip;]<\/p>\n","protected":false},"author":1,"featured_media":5281,"comment_status":"closed","ping_status":"closed","sticky":false,"template":"","format":"standard","meta":{"footnotes":""},"categories":[53],"tags":[],"class_list":["post-2878","post","type-post","status-publish","format-standard","has-post-thumbnail","hentry","category-architecture-fr","style-minimalisme"],"_links":{"self":[{"href":"https:\/\/craftandconcept.ch\/fr\/wp-json\/wp\/v2\/posts\/2878","targetHints":{"allow":["GET"]}}],"collection":[{"href":"https:\/\/craftandconcept.ch\/fr\/wp-json\/wp\/v2\/posts"}],"about":[{"href":"https:\/\/craftandconcept.ch\/fr\/wp-json\/wp\/v2\/types\/post"}],"author":[{"embeddable":true,"href":"https:\/\/craftandconcept.ch\/fr\/wp-json\/wp\/v2\/users\/1"}],"replies":[{"embeddable":true,"href":"https:\/\/craftandconcept.ch\/fr\/wp-json\/wp\/v2\/comments?post=2878"}],"version-history":[{"count":10,"href":"https:\/\/craftandconcept.ch\/fr\/wp-json\/wp\/v2\/posts\/2878\/revisions"}],"predecessor-version":[{"id":9741,"href":"https:\/\/craftandconcept.ch\/fr\/wp-json\/wp\/v2\/posts\/2878\/revisions\/9741"}],"wp:featuredmedia":[{"embeddable":true,"href":"https:\/\/craftandconcept.ch\/fr\/wp-json\/wp\/v2\/media\/5281"}],"wp:attachment":[{"href":"https:\/\/craftandconcept.ch\/fr\/wp-json\/wp\/v2\/media?parent=2878"}],"wp:term":[{"taxonomy":"category","embeddable":true,"href":"https:\/\/craftandconcept.ch\/fr\/wp-json\/wp\/v2\/categories?post=2878"},{"taxonomy":"post_tag","embeddable":true,"href":"https:\/\/craftandconcept.ch\/fr\/wp-json\/wp\/v2\/tags?post=2878"}],"curies":[{"name":"wp","href":"https:\/\/api.w.org\/{rel}","templated":true}]}}