{"id":2858,"date":"2022-12-10T16:45:56","date_gmt":"2022-12-10T14:45:56","guid":{"rendered":"http:\/\/104.248.46.37\/non-classifiee\/anti-patio\/"},"modified":"2026-03-02T18:48:03","modified_gmt":"2026-03-02T16:48:03","slug":"anti-patio","status":"publish","type":"post","link":"https:\/\/craftandconcept.ch\/fr\/architecture-fr\/anti-patio\/","title":{"rendered":"ANTI PATIO"},"content":{"rendered":"<p>La structure urbaine du Kharkiv vallonn\u00e9, en raison de la difficult\u00e9 du d\u00e9veloppement des pentes, a permis de maintenir les zones rurales tr\u00e8s proches du centre. C\u2019est exactement le type de zones o\u00f9 la maison Anti Patio est construite. Le site en terrasse est situ\u00e9 sur le versant est, en offrant une vue de 15 kilom\u00e8tres sur la ville. La topographie accident\u00e9e est la base d\u2019une composition concise de trois blocs. Un \u201cconteneur\u201d pour les invit\u00e9s se trouve sur la terrasse inf\u00e9rieure. Deux autres \u201cconteneurs\u201d &#8211; un en m\u00e9tal et un en bois se trouvent sur la terrasse sup\u00e9rieure. Le \u201cconteneur\u201d de couchage est sur la pente et sur le \u201cconteneur\u201d de l\u2019espace commun. La plateforme-terrasse en bois avec une piscine rectangulaire allong\u00e9e combine des zones en blocs en une seule unit\u00e9.<\/p>\n","protected":false},"excerpt":{"rendered":"<p>La structure urbaine du Kharkiv vallonn\u00e9, en raison de la difficult\u00e9 du d\u00e9veloppement des pentes, a permis de maintenir les zones rurales tr\u00e8s proches du centre. C\u2019est exactement le type de zones o\u00f9 la maison Anti Patio est construite. Le site en terrasse est situ\u00e9 sur le versant est, en offrant une vue de 15 [&hellip;]<\/p>\n","protected":false},"author":1,"featured_media":1926,"comment_status":"closed","ping_status":"closed","sticky":false,"template":"","format":"standard","meta":{"footnotes":""},"categories":[53],"tags":[],"class_list":["post-2858","post","type-post","status-publish","format-standard","has-post-thumbnail","hentry","category-architecture-fr","style-minimalisme"],"_links":{"self":[{"href":"https:\/\/craftandconcept.ch\/fr\/wp-json\/wp\/v2\/posts\/2858","targetHints":{"allow":["GET"]}}],"collection":[{"href":"https:\/\/craftandconcept.ch\/fr\/wp-json\/wp\/v2\/posts"}],"about":[{"href":"https:\/\/craftandconcept.ch\/fr\/wp-json\/wp\/v2\/types\/post"}],"author":[{"embeddable":true,"href":"https:\/\/craftandconcept.ch\/fr\/wp-json\/wp\/v2\/users\/1"}],"replies":[{"embeddable":true,"href":"https:\/\/craftandconcept.ch\/fr\/wp-json\/wp\/v2\/comments?post=2858"}],"version-history":[{"count":3,"href":"https:\/\/craftandconcept.ch\/fr\/wp-json\/wp\/v2\/posts\/2858\/revisions"}],"predecessor-version":[{"id":7756,"href":"https:\/\/craftandconcept.ch\/fr\/wp-json\/wp\/v2\/posts\/2858\/revisions\/7756"}],"wp:featuredmedia":[{"embeddable":true,"href":"https:\/\/craftandconcept.ch\/fr\/wp-json\/wp\/v2\/media\/1926"}],"wp:attachment":[{"href":"https:\/\/craftandconcept.ch\/fr\/wp-json\/wp\/v2\/media?parent=2858"}],"wp:term":[{"taxonomy":"category","embeddable":true,"href":"https:\/\/craftandconcept.ch\/fr\/wp-json\/wp\/v2\/categories?post=2858"},{"taxonomy":"post_tag","embeddable":true,"href":"https:\/\/craftandconcept.ch\/fr\/wp-json\/wp\/v2\/tags?post=2858"}],"curies":[{"name":"wp","href":"https:\/\/api.w.org\/{rel}","templated":true}]}}