{"id":10118,"date":"2026-01-14T21:37:26","date_gmt":"2026-01-14T19:37:26","guid":{"rendered":"https:\/\/craftandconcept.ch\/?p=10118"},"modified":"2026-03-05T17:46:25","modified_gmt":"2026-03-05T15:46:25","slug":"bureau-wix-2","status":"publish","type":"post","link":"https:\/\/craftandconcept.ch\/fr\/non-classifiee\/bureau-wix-2\/","title":{"rendered":"Bureau Wix"},"content":{"rendered":"<p>Le bureau Wix est devenu un b\u00e2timent embl\u00e9matique. Tous les travaux de conception ont \u00e9t\u00e9 r\u00e9alis\u00e9s en un mois. La d\u00e9coration int\u00e9rieure n&rsquo;a pas \u00e9t\u00e9 compromise, mais a acquis les caract\u00e9ristiques distinctives du style corporatif de l&rsquo;entreprise. La couleur jaune vif met en valeur les espaces sur le fond gris du b\u00e9ton. Dans l&rsquo;ensemble, le bureau est fonctionnel et simple, avec une efficacit\u00e9 maximale en termes d&rsquo;espace. R\u00e9ception, archives, bureaux, salles de r\u00e9union. Les zones et les pi\u00e8ces sont partiellement recouvertes de contreplaqu\u00e9 et de m\u00e9tal, mais la plupart sont rest\u00e9es inchang\u00e9es, avec des installations apparentes, des murs et des plafonds non recouverts.<\/p>\n<p>&nbsp;<\/p>\n","protected":false},"excerpt":{"rendered":"<p>Le bureau Wix est devenu un b\u00e2timent embl\u00e9matique. Tous les travaux de conception ont \u00e9t\u00e9 r\u00e9alis\u00e9s en un mois. La d\u00e9coration int\u00e9rieure n&rsquo;a pas \u00e9t\u00e9 compromise, mais a acquis les caract\u00e9ristiques distinctives du style corporatif de l&rsquo;entreprise. La couleur jaune vif met en valeur les espaces sur le fond gris du b\u00e9ton. Dans l&rsquo;ensemble, le [&hellip;]<\/p>\n","protected":false},"author":1,"featured_media":4047,"comment_status":"closed","ping_status":"closed","sticky":false,"template":"","format":"standard","meta":{"footnotes":""},"categories":[57,32],"tags":[],"class_list":["post-10118","post","type-post","status-publish","format-standard","has-post-thumbnail","hentry","category-commercial-fr","category-non-classifiee","style-contemporain"],"_links":{"self":[{"href":"https:\/\/craftandconcept.ch\/fr\/wp-json\/wp\/v2\/posts\/10118","targetHints":{"allow":["GET"]}}],"collection":[{"href":"https:\/\/craftandconcept.ch\/fr\/wp-json\/wp\/v2\/posts"}],"about":[{"href":"https:\/\/craftandconcept.ch\/fr\/wp-json\/wp\/v2\/types\/post"}],"author":[{"embeddable":true,"href":"https:\/\/craftandconcept.ch\/fr\/wp-json\/wp\/v2\/users\/1"}],"replies":[{"embeddable":true,"href":"https:\/\/craftandconcept.ch\/fr\/wp-json\/wp\/v2\/comments?post=10118"}],"version-history":[{"count":3,"href":"https:\/\/craftandconcept.ch\/fr\/wp-json\/wp\/v2\/posts\/10118\/revisions"}],"predecessor-version":[{"id":10470,"href":"https:\/\/craftandconcept.ch\/fr\/wp-json\/wp\/v2\/posts\/10118\/revisions\/10470"}],"wp:featuredmedia":[{"embeddable":true,"href":"https:\/\/craftandconcept.ch\/fr\/wp-json\/wp\/v2\/media\/4047"}],"wp:attachment":[{"href":"https:\/\/craftandconcept.ch\/fr\/wp-json\/wp\/v2\/media?parent=10118"}],"wp:term":[{"taxonomy":"category","embeddable":true,"href":"https:\/\/craftandconcept.ch\/fr\/wp-json\/wp\/v2\/categories?post=10118"},{"taxonomy":"post_tag","embeddable":true,"href":"https:\/\/craftandconcept.ch\/fr\/wp-json\/wp\/v2\/tags?post=10118"}],"curies":[{"name":"wp","href":"https:\/\/api.w.org\/{rel}","templated":true}]}}